{"id":1089,"date":"2022-01-13T20:54:28","date_gmt":"2022-01-13T20:54:28","guid":{"rendered":"http:\/\/arquitectura101.com\/?p=1089"},"modified":"2023-03-09T21:15:28","modified_gmt":"2023-03-09T21:15:28","slug":"fachada-coliving-85","status":"publish","type":"post","link":"http:\/\/arquitectura101.com\/index.php\/2022\/01\/13\/fachada-coliving-85\/","title":{"rendered":"Concepto Coliving 85"},"content":{"rendered":"<p>[et_pb_section fb_built=&#8221;1&#8243; _builder_version=&#8221;3.22&#8243; custom_padding=&#8221;2px||2px|||&#8221;][et_pb_row _builder_version=&#8221;3.25&#8243; background_size=&#8221;initial&#8221; background_position=&#8221;top_left&#8221; background_repeat=&#8221;repeat&#8221;][et_pb_column type=&#8221;4_4&#8243; _builder_version=&#8221;3.25&#8243; custom_padding=&#8221;|||&#8221; custom_padding__hover=&#8221;|||&#8221;][\/et_pb_column][\/et_pb_row][\/et_pb_section][et_pb_section fb_built=&#8221;1&#8243; _builder_version=&#8221;4.7.6&#8243; _module_preset=&#8221;default&#8221; custom_padding=&#8221;||5px|||&#8221;][et_pb_row _builder_version=&#8221;4.7.6&#8243; _module_preset=&#8221;default&#8221; column_structure=&#8221;1_2,1_2&#8243;][et_pb_column _builder_version=&#8221;4.7.6&#8243; _module_preset=&#8221;default&#8221; type=&#8221;1_2&#8243;][et_pb_gallery _builder_version=&#8221;4.7.6&#8243; _module_preset=&#8221;default&#8221; gallery_ids=&#8221;1312,1314,1315&#8243; fullwidth=&#8221;on&#8221; hover_enabled=&#8221;0&#8243; sticky_enabled=&#8221;0&#8243;][\/et_pb_gallery][et_pb_text _builder_version=&#8221;4.7.6&#8243; background_size=&#8221;initial&#8221; background_position=&#8221;top_left&#8221; background_repeat=&#8221;repeat&#8221;]<!-- divi:paragraph --><\/p>\n<p style=\"text-align: justify;\"><span style=\"font-size: x-large;\">El equipo de dise\u00f1o logr\u00f3 plasmar en CoLiving 85 un estilo donde se combinan varios materiales en una linea contempor\u00e1nea y urbana que se vuelve relevante en el entorno donde se ubica.<\/span><\/p>\n<p><!-- \/divi:paragraph -->[\/et_pb_text][\/et_pb_column][et_pb_column _builder_version=&#8221;4.7.6&#8243; _module_preset=&#8221;default&#8221; type=&#8221;1_2&#8243;][et_pb_image src=&#8221;http:\/\/arquitectura101.com\/wp-content\/uploads\/2022\/01\/FACHADA-PRINCIPAL-ACCESO-EN-CONCRETO-optimizada-1.jpg&#8221; _builder_version=&#8221;4.7.6&#8243; _module_preset=&#8221;default&#8221; title_text=&#8221;FACHADA PRINCIPAL &#8211; ACCESO EN CONCRETO optimizada&#8221; hover_enabled=&#8221;0&#8243; sticky_enabled=&#8221;0&#8243; custom_padding=&#8221;3px||1px|||&#8221;][\/et_pb_image][\/et_pb_column][\/et_pb_row][\/et_pb_section]<\/p>\n","protected":false},"excerpt":{"rendered":"<p>[et_pb_section fb_built=&#8221;1&#8243; _builder_version=&#8221;3.22&#8243; custom_padding=&#8221;2px||2px|||&#8221;][et_pb_row _builder_version=&#8221;3.25&#8243; background_size=&#8221;initial&#8221; background_position=&#8221;top_left&#8221; background_repeat=&#8221;repeat&#8221;][et_pb_column type=&#8221;4_4&#8243; _builder_version=&#8221;3.25&#8243; custom_padding=&#8221;|||&#8221; custom_padding__hover=&#8221;|||&#8221;][\/et_pb_column][\/et_pb_row][\/et_pb_section][et_pb_section fb_built=&#8221;1&#8243; _builder_version=&#8221;4.7.6&#8243; _module_preset=&#8221;default&#8221; custom_padding=&#8221;||5px|||&#8221;][et_pb_row _builder_version=&#8221;4.7.6&#8243; _module_preset=&#8221;default&#8221; column_structure=&#8221;1_2,1_2&#8243;][et_pb_column _builder_version=&#8221;4.7.6&#8243; _module_preset=&#8221;default&#8221; type=&#8221;1_2&#8243;][et_pb_gallery _builder_version=&#8221;4.7.6&#8243; _module_preset=&#8221;default&#8221; gallery_ids=&#8221;1312,1314,1315&#8243; fullwidth=&#8221;on&#8221; hover_enabled=&#8221;0&#8243; sticky_enabled=&#8221;0&#8243;][\/et_pb_gallery][et_pb_text _builder_version=&#8221;4.7.6&#8243; background_size=&#8221;initial&#8221; background_position=&#8221;top_left&#8221; background_repeat=&#8221;repeat&#8221;] El equipo de dise\u00f1o logr\u00f3 plasmar en CoLiving 85 un estilo donde se combinan varios materiales en una linea contempor\u00e1nea y urbana que [&hellip;]<\/p>\n","protected":false},"author":1,"featured_media":0,"comment_status":"open","ping_status":"open","sticky":false,"template":"","format":"standard","meta":{"_et_pb_use_builder":"on","_et_pb_old_content":"<!-- wp:paragraph -->\n<p>Welcome to WordPress. This is your first post. Edit or delete it, then start writing!<\/p>\n<!-- \/wp:paragraph -->","_et_gb_content_width":"1080","footnotes":""},"categories":[9],"tags":[],"class_list":["post-1089","post","type-post","status-publish","format-standard","hentry","category-proyectos"],"_links":{"self":[{"href":"http:\/\/arquitectura101.com\/index.php\/wp-json\/wp\/v2\/posts\/1089","targetHints":{"allow":["GET"]}}],"collection":[{"href":"http:\/\/arquitectura101.com\/index.php\/wp-json\/wp\/v2\/posts"}],"about":[{"href":"http:\/\/arquitectura101.com\/index.php\/wp-json\/wp\/v2\/types\/post"}],"author":[{"embeddable":true,"href":"http:\/\/arquitectura101.com\/index.php\/wp-json\/wp\/v2\/users\/1"}],"replies":[{"embeddable":true,"href":"http:\/\/arquitectura101.com\/index.php\/wp-json\/wp\/v2\/comments?post=1089"}],"version-history":[{"count":11,"href":"http:\/\/arquitectura101.com\/index.php\/wp-json\/wp\/v2\/posts\/1089\/revisions"}],"predecessor-version":[{"id":1373,"href":"http:\/\/arquitectura101.com\/index.php\/wp-json\/wp\/v2\/posts\/1089\/revisions\/1373"}],"wp:attachment":[{"href":"http:\/\/arquitectura101.com\/index.php\/wp-json\/wp\/v2\/media?parent=1089"}],"wp:term":[{"taxonomy":"category","embeddable":true,"href":"http:\/\/arquitectura101.com\/index.php\/wp-json\/wp\/v2\/categories?post=1089"},{"taxonomy":"post_tag","embeddable":true,"href":"http:\/\/arquitectura101.com\/index.php\/wp-json\/wp\/v2\/tags?post=1089"}],"curies":[{"name":"wp","href":"https:\/\/api.w.org\/{rel}","templated":true}]}}